{"id":856,"date":"2023-11-10T14:29:44","date_gmt":"2023-11-10T13:29:44","guid":{"rendered":"https:\/\/www.potrelcouverture.fr\/?p=856"},"modified":"2023-11-10T15:35:13","modified_gmt":"2023-11-10T14:35:13","slug":"operation-commerciale-velux","status":"publish","type":"post","link":"https:\/\/www.potrelcouverture.fr\/operation-commerciale-velux\/","title":{"rendered":"Op\u00e9ration commerciale VELUX"},"content":{"rendered":"<p>Du 1er novembre 2023 au 31 janvier 2024, pour la pose d&rsquo;un volet roulant, la soci\u00e9t\u00e9 VELUX vous offre un kit pilotage smartphone.<br \/>\nInformations et conditions sur https:\/\/www.velux.fr\/commencer-ici\/protectionmeteo<br \/>\nInscription obligatoire sur le site, dans la limite de 2310 produits VELUX App Control distribu\u00e9s.<\/p>\n","protected":false},"excerpt":{"rendered":"<p>Du 1er novembre 2023 au 31 janvier 2024, pour la pose d&rsquo;un volet roulant, la soci\u00e9t\u00e9 VELUX vous offre un kit pilotage smartphone. Informations et conditions sur https:\/\/www.velux.fr\/commencer-ici\/protectionmeteo Inscription obligatoire sur le site, dans la limite de 2310 produits VELUX App Control distribu\u00e9s.<\/p>\n","protected":false},"author":2,"featured_media":858,"comment_status":"closed","ping_status":"open","sticky":false,"template":"","format":"standard","meta":{"_et_pb_use_builder":"","_et_pb_old_content":"","_et_gb_content_width":"","footnotes":""},"categories":[12],"tags":[],"class_list":["post-856","post","type-post","status-publish","format-standard","has-post-thumbnail","hentry","category-actualites"],"yoast_head":"<!-- This site is optimized with the Yoast SEO plugin v26.9 - https:\/\/yoast.com\/product\/yoast-seo-wordpress\/ -->\n<title>Op\u00e9ration commerciale VELUX - Potrel Couverture | Couverture, bardage, VELUX, pliage \u00e0 fa\u00e7on \u00e0 St Nazaire POTREL COUVERTURE<\/title>\n<meta name=\"robots\" content=\"index, follow, max-snippet:-1, max-image-preview:large, max-video-preview:-1\" \/>\n<link rel=\"canonical\" href=\"https:\/\/www.potrelcouverture.fr\/operation-commerciale-velux\/\" \/>\n<meta property=\"og:locale\" content=\"fr_FR\" \/>\n<meta property=\"og:type\" content=\"article\" \/>\n<meta property=\"og:title\" content=\"Op\u00e9ration commerciale VELUX - Potrel Couverture | Couverture, bardage, VELUX, pliage \u00e0 fa\u00e7on \u00e0 St Nazaire POTREL COUVERTURE\" \/>\n<meta property=\"og:description\" content=\"Du 1er novembre 2023 au 31 janvier 2024, pour la pose d&rsquo;un volet roulant, la soci\u00e9t\u00e9 VELUX vous offre un kit pilotage smartphone. Informations et conditions sur https:\/\/www.velux.fr\/commencer-ici\/protectionmeteo Inscription obligatoire sur le site, dans la limite de 2310 produits VELUX App Control distribu\u00e9s.\" \/>\n<meta property=\"og:url\" content=\"https:\/\/www.potrelcouverture.fr\/operation-commerciale-velux\/\" \/>\n<meta property=\"og:site_name\" content=\"Potrel Couverture | Couverture, bardage, VELUX, pliage \u00e0 fa\u00e7on \u00e0 St Nazaire POTREL COUVERTURE\" \/>\n<meta property=\"article:published_time\" content=\"2023-11-10T13:29:44+00:00\" \/>\n<meta property=\"article:modified_time\" content=\"2023-11-10T14:35:13+00:00\" \/>\n<meta property=\"og:image\" content=\"http:\/\/www.potrelcouverture.fr\/wp-content\/uploads\/Operation-commerciale-VELUX.jpg\" \/>\n\t<meta property=\"og:image:width\" content=\"529\" \/>\n\t<meta property=\"og:image:height\" content=\"671\" \/>\n\t<meta property=\"og:image:type\" content=\"image\/jpeg\" \/>\n<meta name=\"author\" content=\"Potrel Couverture\" \/>\n<meta name=\"twitter:card\" content=\"summary_large_image\" \/>\n<meta name=\"twitter:label1\" content=\"\u00c9crit par\" \/>\n\t<meta name=\"twitter:data1\" content=\"Potrel Couverture\" \/>\n\t<meta name=\"twitter:label2\" content=\"Dur\u00e9e de lecture estim\u00e9e\" \/>\n\t<meta name=\"twitter:data2\" content=\"1 minute\" \/>\n<script type=\"application\/ld+json\" class=\"yoast-schema-graph\">{\"@context\":\"https:\/\/schema.org\",\"@graph\":[{\"@type\":\"Article\",\"@id\":\"https:\/\/www.potrelcouverture.fr\/operation-commerciale-velux\/#article\",\"isPartOf\":{\"@id\":\"https:\/\/www.potrelcouverture.fr\/operation-commerciale-velux\/\"},\"author\":{\"name\":\"Potrel Couverture\",\"@id\":\"https:\/\/www.potrelcouverture.fr\/#\/schema\/person\/a4c55d26af1a22f523850e437f4ddfba\"},\"headline\":\"Op\u00e9ration commerciale VELUX\",\"datePublished\":\"2023-11-10T13:29:44+00:00\",\"dateModified\":\"2023-11-10T14:35:13+00:00\",\"mainEntityOfPage\":{\"@id\":\"https:\/\/www.potrelcouverture.fr\/operation-commerciale-velux\/\"},\"wordCount\":51,\"image\":{\"@id\":\"https:\/\/www.potrelcouverture.fr\/operation-commerciale-velux\/#primaryimage\"},\"thumbnailUrl\":\"https:\/\/www.potrelcouverture.fr\/wp-content\/uploads\/Operation-commerciale-VELUX.jpg\",\"articleSection\":[\"Actualit\u00e9s\"],\"inLanguage\":\"fr-FR\"},{\"@type\":\"WebPage\",\"@id\":\"https:\/\/www.potrelcouverture.fr\/operation-commerciale-velux\/\",\"url\":\"https:\/\/www.potrelcouverture.fr\/operation-commerciale-velux\/\",\"name\":\"Op\u00e9ration commerciale VELUX - Potrel Couverture | Couverture, bardage, VELUX, pliage \u00e0 fa\u00e7on \u00e0 St Nazaire POTREL COUVERTURE\",\"isPartOf\":{\"@id\":\"https:\/\/www.potrelcouverture.fr\/#website\"},\"primaryImageOfPage\":{\"@id\":\"https:\/\/www.potrelcouverture.fr\/operation-commerciale-velux\/#primaryimage\"},\"image\":{\"@id\":\"https:\/\/www.potrelcouverture.fr\/operation-commerciale-velux\/#primaryimage\"},\"thumbnailUrl\":\"https:\/\/www.potrelcouverture.fr\/wp-content\/uploads\/Operation-commerciale-VELUX.jpg\",\"datePublished\":\"2023-11-10T13:29:44+00:00\",\"dateModified\":\"2023-11-10T14:35:13+00:00\",\"author\":{\"@id\":\"https:\/\/www.potrelcouverture.fr\/#\/schema\/person\/a4c55d26af1a22f523850e437f4ddfba\"},\"breadcrumb\":{\"@id\":\"https:\/\/www.potrelcouverture.fr\/operation-commerciale-velux\/#breadcrumb\"},\"inLanguage\":\"fr-FR\",\"potentialAction\":[{\"@type\":\"ReadAction\",\"target\":[\"https:\/\/www.potrelcouverture.fr\/operation-commerciale-velux\/\"]}]},{\"@type\":\"ImageObject\",\"inLanguage\":\"fr-FR\",\"@id\":\"https:\/\/www.potrelcouverture.fr\/operation-commerciale-velux\/#primaryimage\",\"url\":\"https:\/\/www.potrelcouverture.fr\/wp-content\/uploads\/Operation-commerciale-VELUX.jpg\",\"contentUrl\":\"https:\/\/www.potrelcouverture.fr\/wp-content\/uploads\/Operation-commerciale-VELUX.jpg\",\"width\":529,\"height\":671,\"caption\":\"Op\u00e9ration commerciale VELUX\"},{\"@type\":\"BreadcrumbList\",\"@id\":\"https:\/\/www.potrelcouverture.fr\/operation-commerciale-velux\/#breadcrumb\",\"itemListElement\":[{\"@type\":\"ListItem\",\"position\":1,\"name\":\"Accueil\",\"item\":\"https:\/\/www.potrelcouverture.fr\/\"},{\"@type\":\"ListItem\",\"position\":2,\"name\":\"Op\u00e9ration commerciale VELUX\"}]},{\"@type\":\"WebSite\",\"@id\":\"https:\/\/www.potrelcouverture.fr\/#website\",\"url\":\"https:\/\/www.potrelcouverture.fr\/\",\"name\":\"Potrel Couverture | Couverture, bardage, VELUX, pliage \u00e0 fa\u00e7on \u00e0 St Nazaire POTREL COUVERTURE\",\"description\":\"A votre service depuis 1948\",\"potentialAction\":[{\"@type\":\"SearchAction\",\"target\":{\"@type\":\"EntryPoint\",\"urlTemplate\":\"https:\/\/www.potrelcouverture.fr\/?s={search_term_string}\"},\"query-input\":{\"@type\":\"PropertyValueSpecification\",\"valueRequired\":true,\"valueName\":\"search_term_string\"}}],\"inLanguage\":\"fr-FR\"},{\"@type\":\"Person\",\"@id\":\"https:\/\/www.potrelcouverture.fr\/#\/schema\/person\/a4c55d26af1a22f523850e437f4ddfba\",\"name\":\"Potrel Couverture\",\"url\":\"https:\/\/www.potrelcouverture.fr\/author\/laurie-labour\/\"}]}<\/script>\n<!-- \/ Yoast SEO plugin. -->","yoast_head_json":{"title":"Op\u00e9ration commerciale VELUX - Potrel Couverture | Couverture, bardage, VELUX, pliage \u00e0 fa\u00e7on \u00e0 St Nazaire POTREL COUVERTURE","robots":{"index":"index","follow":"follow","max-snippet":"max-snippet:-1","max-image-preview":"max-image-preview:large","max-video-preview":"max-video-preview:-1"},"canonical":"https:\/\/www.potrelcouverture.fr\/operation-commerciale-velux\/","og_locale":"fr_FR","og_type":"article","og_title":"Op\u00e9ration commerciale VELUX - Potrel Couverture | Couverture, bardage, VELUX, pliage \u00e0 fa\u00e7on \u00e0 St Nazaire POTREL COUVERTURE","og_description":"Du 1er novembre 2023 au 31 janvier 2024, pour la pose d&rsquo;un volet roulant, la soci\u00e9t\u00e9 VELUX vous offre un kit pilotage smartphone. Informations et conditions sur https:\/\/www.velux.fr\/commencer-ici\/protectionmeteo Inscription obligatoire sur le site, dans la limite de 2310 produits VELUX App Control distribu\u00e9s.","og_url":"https:\/\/www.potrelcouverture.fr\/operation-commerciale-velux\/","og_site_name":"Potrel Couverture | Couverture, bardage, VELUX, pliage \u00e0 fa\u00e7on \u00e0 St Nazaire POTREL COUVERTURE","article_published_time":"2023-11-10T13:29:44+00:00","article_modified_time":"2023-11-10T14:35:13+00:00","og_image":[{"width":529,"height":671,"url":"http:\/\/www.potrelcouverture.fr\/wp-content\/uploads\/Operation-commerciale-VELUX.jpg","type":"image\/jpeg"}],"author":"Potrel Couverture","twitter_card":"summary_large_image","twitter_misc":{"\u00c9crit par":"Potrel Couverture","Dur\u00e9e de lecture estim\u00e9e":"1 minute"},"schema":{"@context":"https:\/\/schema.org","@graph":[{"@type":"Article","@id":"https:\/\/www.potrelcouverture.fr\/operation-commerciale-velux\/#article","isPartOf":{"@id":"https:\/\/www.potrelcouverture.fr\/operation-commerciale-velux\/"},"author":{"name":"Potrel Couverture","@id":"https:\/\/www.potrelcouverture.fr\/#\/schema\/person\/a4c55d26af1a22f523850e437f4ddfba"},"headline":"Op\u00e9ration commerciale VELUX","datePublished":"2023-11-10T13:29:44+00:00","dateModified":"2023-11-10T14:35:13+00:00","mainEntityOfPage":{"@id":"https:\/\/www.potrelcouverture.fr\/operation-commerciale-velux\/"},"wordCount":51,"image":{"@id":"https:\/\/www.potrelcouverture.fr\/operation-commerciale-velux\/#primaryimage"},"thumbnailUrl":"https:\/\/www.potrelcouverture.fr\/wp-content\/uploads\/Operation-commerciale-VELUX.jpg","articleSection":["Actualit\u00e9s"],"inLanguage":"fr-FR"},{"@type":"WebPage","@id":"https:\/\/www.potrelcouverture.fr\/operation-commerciale-velux\/","url":"https:\/\/www.potrelcouverture.fr\/operation-commerciale-velux\/","name":"Op\u00e9ration commerciale VELUX - Potrel Couverture | Couverture, bardage, VELUX, pliage \u00e0 fa\u00e7on \u00e0 St Nazaire POTREL COUVERTURE","isPartOf":{"@id":"https:\/\/www.potrelcouverture.fr\/#website"},"primaryImageOfPage":{"@id":"https:\/\/www.potrelcouverture.fr\/operation-commerciale-velux\/#primaryimage"},"image":{"@id":"https:\/\/www.potrelcouverture.fr\/operation-commerciale-velux\/#primaryimage"},"thumbnailUrl":"https:\/\/www.potrelcouverture.fr\/wp-content\/uploads\/Operation-commerciale-VELUX.jpg","datePublished":"2023-11-10T13:29:44+00:00","dateModified":"2023-11-10T14:35:13+00:00","author":{"@id":"https:\/\/www.potrelcouverture.fr\/#\/schema\/person\/a4c55d26af1a22f523850e437f4ddfba"},"breadcrumb":{"@id":"https:\/\/www.potrelcouverture.fr\/operation-commerciale-velux\/#breadcrumb"},"inLanguage":"fr-FR","potentialAction":[{"@type":"ReadAction","target":["https:\/\/www.potrelcouverture.fr\/operation-commerciale-velux\/"]}]},{"@type":"ImageObject","inLanguage":"fr-FR","@id":"https:\/\/www.potrelcouverture.fr\/operation-commerciale-velux\/#primaryimage","url":"https:\/\/www.potrelcouverture.fr\/wp-content\/uploads\/Operation-commerciale-VELUX.jpg","contentUrl":"https:\/\/www.potrelcouverture.fr\/wp-content\/uploads\/Operation-commerciale-VELUX.jpg","width":529,"height":671,"caption":"Op\u00e9ration commerciale VELUX"},{"@type":"BreadcrumbList","@id":"https:\/\/www.potrelcouverture.fr\/operation-commerciale-velux\/#breadcrumb","itemListElement":[{"@type":"ListItem","position":1,"name":"Accueil","item":"https:\/\/www.potrelcouverture.fr\/"},{"@type":"ListItem","position":2,"name":"Op\u00e9ration commerciale VELUX"}]},{"@type":"WebSite","@id":"https:\/\/www.potrelcouverture.fr\/#website","url":"https:\/\/www.potrelcouverture.fr\/","name":"Potrel Couverture | Couverture, bardage, VELUX, pliage \u00e0 fa\u00e7on \u00e0 St Nazaire POTREL COUVERTURE","description":"A votre service depuis 1948","potentialAction":[{"@type":"SearchAction","target":{"@type":"EntryPoint","urlTemplate":"https:\/\/www.potrelcouverture.fr\/?s={search_term_string}"},"query-input":{"@type":"PropertyValueSpecification","valueRequired":true,"valueName":"search_term_string"}}],"inLanguage":"fr-FR"},{"@type":"Person","@id":"https:\/\/www.potrelcouverture.fr\/#\/schema\/person\/a4c55d26af1a22f523850e437f4ddfba","name":"Potrel Couverture","url":"https:\/\/www.potrelcouverture.fr\/author\/laurie-labour\/"}]}},"_links":{"self":[{"href":"https:\/\/www.potrelcouverture.fr\/api\/wp\/v2\/posts\/856","targetHints":{"allow":["GET"]}}],"collection":[{"href":"https:\/\/www.potrelcouverture.fr\/api\/wp\/v2\/posts"}],"about":[{"href":"https:\/\/www.potrelcouverture.fr\/api\/wp\/v2\/types\/post"}],"author":[{"embeddable":true,"href":"https:\/\/www.potrelcouverture.fr\/api\/wp\/v2\/users\/2"}],"replies":[{"embeddable":true,"href":"https:\/\/www.potrelcouverture.fr\/api\/wp\/v2\/comments?post=856"}],"version-history":[{"count":2,"href":"https:\/\/www.potrelcouverture.fr\/api\/wp\/v2\/posts\/856\/revisions"}],"predecessor-version":[{"id":860,"href":"https:\/\/www.potrelcouverture.fr\/api\/wp\/v2\/posts\/856\/revisions\/860"}],"wp:featuredmedia":[{"embeddable":true,"href":"https:\/\/www.potrelcouverture.fr\/api\/wp\/v2\/media\/858"}],"wp:attachment":[{"href":"https:\/\/www.potrelcouverture.fr\/api\/wp\/v2\/media?parent=856"}],"wp:term":[{"taxonomy":"category","embeddable":true,"href":"https:\/\/www.potrelcouverture.fr\/api\/wp\/v2\/categories?post=856"},{"taxonomy":"post_tag","embeddable":true,"href":"https:\/\/www.potrelcouverture.fr\/api\/wp\/v2\/tags?post=856"}],"curies":[{"name":"wp","href":"https:\/\/api.w.org\/{rel}","templated":true}]}}